{"id":4,"date":"2007-12-09T20:52:46","date_gmt":"2007-12-09T19:52:46","guid":{"rendered":"http:\/\/www.mascialeoni.com\/index.php\/2007\/12\/09\/tutte-le-scuse-sono-buone-per-scrivere\/4"},"modified":"2010-07-09T09:09:55","modified_gmt":"2010-07-09T07:09:55","slug":"tutte-le-scuse-sono-buone-per-scrivere","status":"publish","type":"post","link":"https:\/\/www.mascialeoni.com\/index.php\/2007\/12\/09\/tutte-le-scuse-sono-buone-per-scrivere\/4","title":{"rendered":"Tutte le scuse sono buone per scrivere"},"content":{"rendered":"<p>Era successo cos\u00ec anche per &#8220;<a href=\"http:\/\/www.lulu.com\/product\/a-copertina-morbida\/la-quinta-barca-%C3%A8-magica\/1961916\">La quinta barca \u00e8 Magica<\/a>&#8220;, lo avevo scritto per me, perch\u00e9 volevo fissare nel tempo quell&#8217;esperienza, che nonostante la fatica, era risultata entusiasmante e ricca di nuovi incontri e situazioni che hanno contribuito a cementare il rapporto della nostra famiglia.<\/p>\r\n\r\n<p>Solo dopo, (quando ho fatto correggere il testo al Prof. Filippi), mi \u00e8 stato suggerito di cercare un editore. Ma questa \u00e8 stata veramente un&#8217;altra avventura: dalla presentazione alla Fiera del libro di Torino, alla vendita del libro alla Biblioteche Sormani di Milano ecc&#8230;ecc&#8230; fino ad esaurimento della prima edizione.<\/p>\r\n\r\n<p>Per &#8220;<a href=\"http:\/\/www.lulu.com\/product\/a-copertina-morbida\/strettamente-personale\/1961868\">Strettamente personale<\/a>&#8221; \u00e8 stato lo stesso, alcuni racconti li avevo gi\u00e0 scritti: una specie di sfida personale per tradurre in parole alcune emozioni forti scaturite da notizie di cronache o confidenze e osservazioni. Poi la richiesta esplicita di Lidiana: &#8220;Lella, mi scrivi un racconto che parli del compleanno di Aldo?&#8221;. &#8220;Ci provo&#8221;, le ho risposto. E dopo il compleanno di Aldo c&#8217;\u00e8 stato quello di Alessandra. C&#8217;era il racconto sul Natale che avevo scritto per un concorso, poi quello della bimba che sentiva una voce&#8230;.<br \/>\r\nOgni racconto con il suo carattere ben definito: &#8220;Aldo&#8217;s day&#8221; in una cornice da scenografia teatrale. Quello della bimba &#8220;La voce nel tempo&#8221; caratterizzata dai sogni. E via di seguito&#8230;<br \/>\r\nInsomma alla fine, ho riunito questi racconti e su suggerimento di mio figlio <a href=\"http:\/\/www.alblog.it\/\">Alberto<\/a>, dopo un lungo lavoro di alchimia, (come spiegato nell&#8217;introduzione del libro), ho inserito in internet, questo secondo libro<a href=\"http:\/\/www.lulu.com\/product\/a-copertina-morbida\/strettamente-personale\/1961868\">,<\/a> perch\u00e9 credo che sar\u00e0 bello anche per voi leggerlo come \u00e8 stato bello per me scriverlo.<\/p>","protected":false},"excerpt":{"rendered":"Era successo cos\u00ec anche per &#8220;La quinta barca \u00e8 Magica&#8220;, lo avevo scritto per me, perch\u00e9 volevo fissare nel tempo quell&#8217;esperienza, che nonostante la fatica, era risultata entusiasmante e ricca di nuovi incontri e situazioni che hanno contribuito a cementare il rapporto della nostra famiglia. Solo dopo, (quando ho fatto correggere il testo al Prof. <a href=\"https:\/\/www.mascialeoni.com\/index.php\/2007\/12\/09\/tutte-le-scuse-sono-buone-per-scrivere\/4\" class=\"more-link\">&#8230;continua a leggere<span class=\"screen-reader-text\"> &#8220;Tutte le scuse sono buone per scrivere&#8221;<\/span><\/a>","protected":false},"author":2,"featured_media":0,"comment_status":"open","ping_status":"open","sticky":false,"template":"","format":"standard","meta":{"om_disable_all_campaigns":false,"_monsterinsights_skip_tracking":false,"_monsterinsights_sitenote_active":false,"_monsterinsights_sitenote_note":"","_monsterinsights_sitenote_category":0,"jetpack_post_was_ever_published":false,"_jetpack_newsletter_access":"","_jetpack_dont_email_post_to_subs":false,"_jetpack_newsletter_tier_id":0,"_jetpack_memberships_contains_paywalled_content":false,"_jetpack_memberships_contains_paid_content":false,"footnotes":""},"categories":[3],"tags":[8,12,6,10,11,43,5,9],"class_list":{"0":"post-4","1":"post","2":"type-post","3":"status-publish","4":"format-standard","6":"category-libri","7":"tag-editore","8":"tag-emozioni-forti","9":"tag-magica","10":"tag-milano","11":"tag-prima-edizione","12":"tag-sormani","13":"tag-strettamente-personale","14":"tag-torino","15":"h-entry","16":"hentry","17":"h-as-article"},"aioseo_notices":[],"jetpack_featured_media_url":"","jetpack_sharing_enabled":true,"jetpack_shortlink":"https:\/\/wp.me\/p9ENO6-4","_links":{"self":[{"href":"https:\/\/www.mascialeoni.com\/index.php\/wp-json\/wp\/v2\/posts\/4","targetHints":{"allow":["GET"]}}],"collection":[{"href":"https:\/\/www.mascialeoni.com\/index.php\/wp-json\/wp\/v2\/posts"}],"about":[{"href":"https:\/\/www.mascialeoni.com\/index.php\/wp-json\/wp\/v2\/types\/post"}],"author":[{"embeddable":true,"href":"https:\/\/www.mascialeoni.com\/index.php\/wp-json\/wp\/v2\/users\/2"}],"replies":[{"embeddable":true,"href":"https:\/\/www.mascialeoni.com\/index.php\/wp-json\/wp\/v2\/comments?post=4"}],"version-history":[{"count":0,"href":"https:\/\/www.mascialeoni.com\/index.php\/wp-json\/wp\/v2\/posts\/4\/revisions"}],"wp:attachment":[{"href":"https:\/\/www.mascialeoni.com\/index.php\/wp-json\/wp\/v2\/media?parent=4"}],"wp:term":[{"taxonomy":"category","embeddable":true,"href":"https:\/\/www.mascialeoni.com\/index.php\/wp-json\/wp\/v2\/categories?post=4"},{"taxonomy":"post_tag","embeddable":true,"href":"https:\/\/www.mascialeoni.com\/index.php\/wp-json\/wp\/v2\/tags?post=4"}],"curies":[{"name":"wp","href":"https:\/\/api.w.org\/{rel}","templated":true}]}}