{"id":602,"date":"2013-01-20T19:51:35","date_gmt":"2013-01-20T18:51:35","guid":{"rendered":"http:\/\/www.mascialeoni.com\/?p=602"},"modified":"2025-05-09T16:41:20","modified_gmt":"2025-05-09T15:41:20","slug":"lamico-immaginario","status":"publish","type":"post","link":"https:\/\/www.mascialeoni.com\/index.php\/2013\/01\/20\/lamico-immaginario\/602","title":{"rendered":"L&#8217;amico immaginario"},"content":{"rendered":"<span style=\"font-size:medium;\">Mi torna difficile <b>ricordare i titoli dei libri letti<\/b>, ancora di pi\u00f9 il nome degli autori o autrici se magari sono stranieri.<\/span>\n<span style=\"font-size:medium;\"><b>Anche le trame, a distanza di tempo, evaporano<\/b> e i personaggi a volte si confondono. Ma allora<b> cosa resta di un libro a distanza di anni? <\/b><\/span>\n\nAmo pensare che quello che mangiamo contribuisca a cambiare e mantenere il nostro corpo, cos\u00ec immagino anche che la lettura stimoli ed aiuti la mente a crescere e a rinnovarsi continuamente.\n\nE&#8217; quindi un vero peccato non ricordare i libri letti, cos\u00ec su di un quaderno annoto: Autore, titolo del romanzo, data di lettura e poi poche parole che mi riportino alla trama oppure un solo aggettivo. E&#8217; estremamente riduttivo ma quegli aggettivi, quelle poche parole sono chiavi che fanno scattare la serratura di <b>scrigni al cui interno ritrovo tesori che non ricordavo di avere ma che mi apparterranno per sempre.<\/b>\n\n<b>Il romanzo <\/b><b><a href=\"http:\/\/cultura.panorama.it\/libri\/matthew-dicks-amico-immaginario\">l&#8217;amico immaginario di Matthew Dicks<\/a><\/b><b> <\/b><b>\u00e8 commuovente, coinvolgente, <\/b>e la voce narrante di Budo, che \u00e8 l&#8217;amico immaginario di Max <b>rivela fino in fondo quali siano i pensieri dei bambini e il perch\u00e9 dei loro comportamenti<\/b>. Rivela come la fantasia li possa aiutare, come gli adulti possano essere crudeli e in fine <b>come un amico immaginario possa essere realmente un amico disinteressato. <\/b>\n\nSi legge nella prima pagina\n\n<b>Ecco quello che so<\/b>\n\n<b>Mi chiamo Budo.<\/b>\n\n<b>Esisto da cinque anni.<\/b>\n\n<b>Cinque anni \u00e8 una vita lunghissima, per uno come me.<\/b>\n\n<b>E&#8217; stato Max a darmi questo nome.<\/b>\n\n<b>Max \u00e8 l&#8217;unico essere umano che riesce a vedermi.<\/b>\n\n<b>I genitori di Max mi chiamano l&#8217;amico immaginario.<\/b>\n\n<b>Voglio molto bene alla signora Gosk, la maestra di Max.<\/b>\n\n<b>Invece l&#8217;altra maestra, la signora Patterson, non mi piace per niente.<\/b>\n\n<b>Non sono immaginario.<\/b>\n\nQuesta prima pagina \u00e8 un capolavoro e nemmeno le altre scherzano! Altri amici immaginari aiuteranno Budo e <b>Max, che \u00e8 un bambino autistico, <\/b>a districarsi in questo giallo avvincente. Uno per\u00f2 mi \u00e8 rimasto impresso pi\u00f9 degli altri: Oswald, che nella storia ha sicuramente il suo peso, in tutti i sensi perch\u00e9 viene descritto grande, grosso e picchiatore. E&#8217; a Lui che l&#8217;autore affida<b> una disquisizione sul coraggio di Max. <\/b>Ne sono rimasta colpita. Sul quaderno affianco all&#8217;autore Matthew Dicks, al titolo L&#8217;amico immaginario e alla data , ho scritto: Commuovente. Formidabile il coraggio di Max.","protected":false},"excerpt":{"rendered":"Mi torna difficile ricordare i titoli dei libri letti, ancora di pi\u00f9 il nome degli autori o autrici se magari sono stranieri. Anche le trame, a distanza di tempo, evaporano e i personaggi a volte si confondono. Ma allora cosa resta di un libro a distanza di anni? Amo pensare che quello che mangiamo contribuisca <a href=\"https:\/\/www.mascialeoni.com\/index.php\/2013\/01\/20\/lamico-immaginario\/602\" class=\"more-link\">&#8230;continua a leggere<span class=\"screen-reader-text\"> &#8220;L&#8217;amico immaginario&#8221;<\/span><\/a>","protected":false},"author":2,"featured_media":0,"comment_status":"open","ping_status":"open","sticky":false,"template":"","format":"standard","meta":{"om_disable_all_campaigns":false,"_monsterinsights_skip_tracking":false,"_monsterinsights_sitenote_active":false,"_monsterinsights_sitenote_note":"","_monsterinsights_sitenote_category":0,"jetpack_post_was_ever_published":false,"_jetpack_newsletter_access":"","_jetpack_dont_email_post_to_subs":false,"_jetpack_newsletter_tier_id":0,"_jetpack_memberships_contains_paywalled_content":false,"_jetpack_memberships_contains_paid_content":false,"footnotes":""},"categories":[3],"tags":[516,47,519,517,453,508,140,520,518,37],"class_list":{"0":"post-602","1":"post","2":"type-post","3":"status-publish","4":"format-standard","6":"category-libri","7":"tag-autistico","8":"tag-bambini","9":"tag-coinvolgente","10":"tag-commuovente","11":"tag-coraggio","12":"tag-giallo","13":"tag-maestra","14":"tag-reale","15":"tag-ricordare","16":"tag-romanzo","17":"h-entry","18":"hentry","19":"h-as-article"},"aioseo_notices":[],"jetpack_featured_media_url":"","jetpack_sharing_enabled":true,"jetpack_shortlink":"https:\/\/wp.me\/p9ENO6-9I","_links":{"self":[{"href":"https:\/\/www.mascialeoni.com\/index.php\/wp-json\/wp\/v2\/posts\/602","targetHints":{"allow":["GET"]}}],"collection":[{"href":"https:\/\/www.mascialeoni.com\/index.php\/wp-json\/wp\/v2\/posts"}],"about":[{"href":"https:\/\/www.mascialeoni.com\/index.php\/wp-json\/wp\/v2\/types\/post"}],"author":[{"embeddable":true,"href":"https:\/\/www.mascialeoni.com\/index.php\/wp-json\/wp\/v2\/users\/2"}],"replies":[{"embeddable":true,"href":"https:\/\/www.mascialeoni.com\/index.php\/wp-json\/wp\/v2\/comments?post=602"}],"version-history":[{"count":3,"href":"https:\/\/www.mascialeoni.com\/index.php\/wp-json\/wp\/v2\/posts\/602\/revisions"}],"predecessor-version":[{"id":2038,"href":"https:\/\/www.mascialeoni.com\/index.php\/wp-json\/wp\/v2\/posts\/602\/revisions\/2038"}],"wp:attachment":[{"href":"https:\/\/www.mascialeoni.com\/index.php\/wp-json\/wp\/v2\/media?parent=602"}],"wp:term":[{"taxonomy":"category","embeddable":true,"href":"https:\/\/www.mascialeoni.com\/index.php\/wp-json\/wp\/v2\/categories?post=602"},{"taxonomy":"post_tag","embeddable":true,"href":"https:\/\/www.mascialeoni.com\/index.php\/wp-json\/wp\/v2\/tags?post=602"}],"curies":[{"name":"wp","href":"https:\/\/api.w.org\/{rel}","templated":true}]}}