{"id":866,"date":"2018-02-14T22:54:29","date_gmt":"2018-02-14T21:54:29","guid":{"rendered":"https:\/\/www.mascialeoni.com\/?p=866"},"modified":"2025-06-22T14:47:50","modified_gmt":"2025-06-22T13:47:50","slug":"una-storia-per-mia-nipote","status":"publish","type":"post","link":"https:\/\/www.mascialeoni.com\/index.php\/2018\/02\/14\/una-storia-per-mia-nipote\/866","title":{"rendered":"Una storia per mia nipote"},"content":{"rendered":"<span style=\"font-family:UbuntuLight,sans-serif;\"><span style=\"font-size:large;\">Probabilmente \u00e8 una storia<b> conosciuta da molti, anche se si \u00e8 svolta fuori dall&#8217; Italia ed \u00e8 collocata nel passato.<\/b> I suoi protagonisti sono molteplici e i fatti abbracciano l&#8217;arte e purtroppo anche la tragedia dell&#8217;olocausto.<b> Insomma una trama complicata ma tanto affascinante da farmi venire voglia di raccontartela.<\/b> Ma&#8230; potrei sbagliare un nome o dimenticare una data oppure omettere un fatto cruciale, e&#8230; siccome<b> la storia \u00e8 vera, la responsabilit\u00e0 \u00e8 tanta.<\/b> Quindi, questa storia, di cui ho appena visto il film \u201cDonna in oro\u201d, cercher\u00f2 di riassumerla qui per iscritto e&#8230; pazienza se altri la conoscono gi\u00e0.<\/span><\/span>\n<p align=\"JUSTIFY\"><span style=\"font-family:UbuntuLight,sans-serif;\"><span style=\"font-size:large;\">Non avere discendenti maschi \u00e8 <\/span><\/span><span style=\"font-family:UbuntuLight,sans-serif;\"><span style=\"font-size:large;\">stato <\/span><\/span><span style=\"font-family:UbuntuLight,sans-serif;\"><span style=\"font-size:large;\">un problema che non ha riguardato solo le famiglie reali. <\/span><\/span><span style=\"font-family:UbuntuLight,sans-serif;\"><span style=\"font-size:large;\">Nel nostro caso, <b>per accontentare <\/b><\/span><\/span><span style=\"font-family:UbuntuLight,sans-serif;\"><span style=\"font-size:large;\"><b>il banchiere <\/b><\/span><\/span><span style=\"font-family:UbuntuLight,sans-serif;\"><span style=\"font-size:large;\"><b>Moriz Bauer che non aveva avuto figli maschi, la famiglia della figlia, Maria Teresa Bauer, sposando Gustav Bloch <\/b><\/span><\/span><span style=\"font-family:UbuntuLight,sans-serif;\"><span style=\"font-size:large;\"><b>amp<\/b><\/span><\/span><span style=\"font-family:UbuntuLight,sans-serif;\"><span style=\"font-size:large;\"><b>l<\/b><\/span><\/span><span style=\"font-family:UbuntuLight,sans-serif;\"><span style=\"font-size:large;\"><b>i\u00f2 <\/b><\/span><\/span><span style=\"font-family:UbuntuLight,sans-serif;\"><span style=\"font-size:large;\"><b>il cognome in Bloch-Bauer.<\/b><\/span><\/span><span style=\"font-family:UbuntuLight,sans-serif;\"><span style=\"font-size:large;\"><b> La ricca famiglia ebraica dei Bloch<\/b><\/span><\/span><span style=\"font-family:UbuntuLight,sans-serif;\"><span style=\"font-size:large;\"><b>-Bauer <\/b><\/span><\/span><span style=\"font-family:UbuntuLight,sans-serif;\"><span style=\"font-size:large;\"><b>viveva in pace e d&#8217;accordo nella stessa palazzina al centro di Vienna <\/b><\/span><\/span><span style=\"font-family:UbuntuLight,sans-serif;\"><span style=\"font-size:large;\"><b>con il fratello <\/b><\/span><\/span><span style=\"font-family:UbuntuLight,sans-serif;\"><span style=\"font-size:large;\"><b>Ferdinand <\/b><\/span><\/span><span style=\"font-family:UbuntuLight,sans-serif;\"><span style=\"font-size:large;\"><b>sposato ad <\/b><\/span><\/span><span style=\"font-family:UbuntuLight,sans-serif;\"><span style=\"font-size:large;\"><b>Adele <\/b><\/span><\/span><span style=\"font-family:UbuntuLight,sans-serif;\"><span style=\"font-size:large;\"><b>Bauer; <\/b><\/span><\/span><span style=\"font-family:UbuntuLight,sans-serif;\"><span style=\"font-size:large;\">questi ultimi <\/span><\/span><span style=\"font-family:UbuntuLight,sans-serif;\"><span style=\"font-size:large;\">si occupavano <\/span><\/span><span style=\"font-family:UbuntuLight,sans-serif;\"><span style=\"font-size:large;\">dell&#8217;industria dello zucchero, <\/span><\/span><span style=\"font-family:UbuntuLight,sans-serif;\"><span style=\"font-size:large;\">ereditata dal padre <\/span><\/span><span style=\"font-family:UbuntuLight,sans-serif;\"><span style=\"font-size:large;\">di Ferdinand<\/span><\/span><span style=\"font-family:UbuntuLight,sans-serif;\"><span style=\"font-size:large;\">, <\/span><\/span><span style=\"font-family:UbuntuLight,sans-serif;\"><span style=\"font-size:large;\">e non ebbero figli, <\/span><\/span><span style=\"font-family:UbuntuLight,sans-serif;\"><span style=\"font-size:large;\">mentre <\/span><\/span><span style=\"font-family:UbuntuLight,sans-serif;\"><span style=\"font-size:large;\">Gustav Bloch <\/span><\/span><span style=\"font-family:UbuntuLight,sans-serif;\"><span style=\"font-size:large;\">era avvocato <\/span><\/span><span style=\"font-family:UbuntuLight,sans-serif;\"><span style=\"font-size:large;\">e con la moglie Maria Teresa aveva avuto 3 figli: <\/span><\/span><span style=\"font-family:UbuntuLight,sans-serif;\"><span style=\"font-size:large;\">Leopold, Luis, e Maria; <\/span><\/span><span style=\"font-family:UbuntuLight,sans-serif;\"><span style=\"font-size:large;\">Maria in particolare era molto affezionata alla zia Adele, <\/span><\/span><span style=\"font-family:UbuntuLight,sans-serif;\"><span style=\"font-size:large;\">che dal canto suo non mancava di affetto ed attenzioni per lei.<\/span><\/span><span style=\"font-family:UbuntuLight,sans-serif;\"><span style=\"font-size:large;\"><b> T<\/b><\/span><\/span><span style=\"font-family:UbuntuLight,sans-serif;\"><span style=\"font-size:large;\"><b>utti in famiglia erano appassionati di arte e <\/b><\/span><\/span><span style=\"font-family:UbuntuLight,sans-serif;\"><span style=\"font-size:large;\"><b>musica:<\/b><\/span><\/span><span style=\"font-family:UbuntuLight,sans-serif;\"><span style=\"font-size:large;\"> a casa loro si riu<\/span><\/span><span style=\"font-family:UbuntuLight,sans-serif;\"><span style=\"font-size:large;\">n<\/span><\/span><span style=\"font-family:UbuntuLight,sans-serif;\"><span style=\"font-size:large;\">ivano, oltre che a politici influenti, anche artisti del calibro di Johannes <b>Brahms, Richard Strauss, Wagner,<\/b><b><a href=\"https:\/\/it.wikipedia.org\/wiki\/Gustav_Klimt\"> Gustav Klimt<\/a><\/b><b> e molti altri. Siamo all&#8217;incirca nei primi del &#8216;900.<\/b><\/span><\/span><\/p>\n<p align=\"JUSTIFY\">Ti ricordi la stampa del quadro<b><a href=\"https:\/\/www.studenti.it\/gustav-klimt-analisi-spiegazione-danae-bacio.htmlhttps:\/\/www.studenti.it\/gustav-klimt-analisi-spiegazione-danae-bacio.htmlhttps:\/\/www.studenti.it\/gustav-klimt-analisi-spiegazione-danae-bacio.htmlhttps:\/\/www.studenti.it\/gustav-klimt-analisi-spiegazione-danae-bacio.htmlhttps:\/\/www.studenti.it\/gustav-klimt-analisi-spiegazione-danae-bacio.htmlhttps:\/\/www.studenti.it\/gustav-klimt-analisi-spiegazione-danae-bacio.html\"> Il Bacio di Gustav Klimt<\/a><\/b> appesa in camera? Questo pittore \u00e8 importante per questa storia. E&#8230; le altre due stampe con<b> i<\/b><b><a href=\"http:\/\/www.ravennamosaici.it\/\"> mosaici di Ravenna<\/a><\/b><b>?<\/b> Anche quelli c&#8217;entrano, perch\u00e8<b> Klimt<\/b>, dopo essere andato a Ravenna per due volte nel 1903, <b>rimane affascinato dai <\/b><b>suoi <\/b><b>maestosi mosaici <\/b><b>bizantini e dall&#8217;oro musivo che gli ricordano i lavori del padre e del fratello, che erano orafi.<\/b> Questa esperienza cambier\u00e0 il suo modo di dipingere: verr\u00e0 chiamato il suo <b>periodo d&#8217;oro.<\/b> A Vienna \u00e8 il 1907 quando<b> la signora <\/b><b>Adele Bloch<\/b><b>&#8211;<\/b><b>Bauer commissiona al <\/b><b>p<\/b><b>ittore <\/b><b>Gustav<\/b><b> Klimt un <\/b><b>suo<\/b><b> ritratto che diventer\u00e0 famosissimo,<\/b> forse pi\u00f9 del Bacio che conosci tu, perch\u00e8 fu al centro di una storia rocambolesca, che si concluse solo nel 2006&#8230; quando tu compivi 2 anni!<\/p>\n<p align=\"JUSTIFY\"><b>Chi? Dove? Come? Quando? Perch\u00e8? Queste erano le nostre regole<\/b> per inventare storie quando eri piccola, una io e una tu. Se la storia non rispondeva a tutte le domande, non era valida.<\/p>\n<p align=\"JUSTIFY\">Ma chi \u00e8 il soggetto di questa storia? Gustav Klimt che dipinse il quadro? Adele Bloch-Bauer che ne fu modella e committente? Il quadro stesso? O chi altri, visti i personaggi gi\u00e0 citati e altri ancora che verranno?<\/p>\n<p align=\"JUSTIFY\">Per capire, bisogna tornare in casa Bloch-Bauer, e <b>osservare la timida e piccola Maria, che viene invitata dalla zia Adele ad allacciarle al collo una sontuosa e particolarissima collana tempestata di pietre preziose<\/b>, la stessa collana indossata nel ritratto eseguito da Klimt, che troneggia sulla parete del salone. La zia non ha figli e Maria \u00e8 la sua prediletta: le parla, l&#8217; ascolta e la sprona a non aver paura. Quando la zia Adele morir\u00e0 prematuramente di meningite nel 1925, Maria ha 9 anni e la sua perdita le peser\u00e0 tantissimo. Gli anni passano, siamo nel <b>1937, il clima politico \u00e8 ostile agli ebrei e lo zio paterno di Maria, Ferdinand, fugge prima in Cecoslovacchia<\/b> e, all&#8217;incalzare dei nazisti ripiega in Svizzera dove presso una banca, tramite un fondo fiduciario, trasferisce tutti i suoi interessi pensandoli al sicuro. Non sar\u00e0 cos\u00ec perch\u00e8 la banca svizzera, anzich\u00e9 proteggere i suoi beni, li ceder\u00e0 sotto pressione del governo austriaco a persone di fidata razza ariana. Ferdinand prima di fuggire sprona il fratello<b> Gustav<\/b> a fare altrettanto, ma questi, incredulo di quello che sta gi\u00e0 succedendo, <b>rimane in balia della barbarie nazista.<\/b> Maria, il giorno prima che lo zio parta, si sposa con Frederick Altmann, un cantante lirico. Il matrimonio \u00e8 celebrato con grande sfarzo in casa Bloch-Bauer. Terminata la cerimonia <b>Maria Altmann riceve dallo zio Ferdinand come regalo di nozze la famosa collana della zia Adele.<\/b> Gli sposi partono in viaggio di nozze per Parigi, ma quando tornano la situazione \u00e8 precipitata; anche il fratello di Frederick, Bernhard Altmann, \u00e8 fuggito in Inghilterra lasciandogli la gestione della sua fiorente industria tessile.<b> Sono <\/b><b><a href=\"http:\/\/www.altoadige.it\/cultura-e-spettacoli\/la-notte-dei-cristalli-la-barbarie-nazista-si-presenta-all-europa-1.319489\">momenti tremendi<\/a><\/b><b>: i nazisti terrorizzano, uccidono, torturano, deportano, fanno prigionieri; ricattano Maria, deportando a Dachau suo marito, al fine di accaparrarsi tutti i beni di famiglia.<\/b> Anche Palais Elisabethen dei Block-Bauer nel 1939 viene derubato di tutto. I quadri finiranno in collezioni private e ne beneficiarono anche il dittatore Hitler e il generale G\u00f6ring. Il resto fu venduto. Alcuni quadri di Klimt, compreso il ritratto di <a href=\"https:\/\/it.wikipedia.org\/wiki\/Ritratto_di_Adele_Bloch-Bauer_I\">Adele Blok-Bauer<\/a>, finirono alla Galleria Belvedere di Vienna dopo vari passaggi.<\/p>\n<p align=\"JUSTIFY\">Non c&#8217;\u00e8 pi\u00f9 tempo&#8230; se vogliono sopravvivere i giovani sposi devono fuggire subito.<b> Solo nel 1941, dopo diversi trasferimenti, riescono finalmente a stabilirsi negli Stati Uniti, dove, nel 1945, otterranno la cittadinanza statunitense.<\/b> Due anni prima il cognato Bernhard Altmann, anche lui negli Stati Uniti dal 1939, avvia un&#8217;attivit\u00e0 tessile nella quale coinvolge, per la vendita dei capi in cashmere, anche Maria e il fratello. Gli affari vanno benissimo per tutta la famiglia, ma quando nel 1955 Bernhard si ritira,<b> a Maria non resta che il suo negozio di abbigliamento.<\/b> Con suo marito<b> cresce i tre figli e la sua vita si avvia alla normalit\u00e0.<\/b> Le tragedie delle persecuzioni antisemite sono finite, e nonostante tutto lei si ritiene fortunata perch\u00e8 ne \u00e8 uscita viva.<\/p>\n<p align=\"JUSTIFY\">Alla luce di quello che ti ho raccontato fino adesso, alla domanda: <b>\u201cChi?\u201d<\/b> Posso risponderti: \u201c<b>Per il momento \u00e8 Maria la protagonista\u201d<\/b>. Ma la storia continua. Alla domanda: <b>\u201cDove?\u201d<\/b> E&#8217; pi\u00f9 facile risponderti: \u201cSiamo partiti da Vienna, un viaggio di nozze a Parigi, deportazioni a Dachau e per fuggire dai nazisti altri spostamenti in Svizzera, in Inghilterra, negli Stati Uniti, e come vedremo pi\u00f9 avanti anche il Canada e nei dintorni di Praga.<b> Ma sar\u00e0 Vienna il luogo prescelto e per pi\u00f9 di un motivo.<\/b> Anche se la nostra protagonista Maria Altmann aveva giurato che non ci sarebbe mai pi\u00f9 tornata&#8221;.<\/p>\n<p align=\"JUSTIFY\"><b>La guerra \u00e8 finita<\/b> e<b> Leopold, fratello di Maria<\/b>, che si era rifugiato con la mamma a Vancouver in Canada,<b> tenta di recuperare i beni di famiglia,<\/b> ma a Vienna non vogliono sentire ragioni e i<b> suoi tentativi andranno falliti.<\/b> <b>Bisogner\u00e0 arrivare al 1998,<\/b> quando il giornalista austriaco Hubertus Czernin, potendo consultare gli archivi del Ministro della Cultura, viene a capo di un mistero che fino a quel momento <b>aveva impedito ai Bloch-Bauer di tornare in possesso del dipinto di Gustav Klimt intitolato: &#8220;Ritratto di Adele Bloch-Bauer&#8221;. Hubertus scrive un libro nel quale si scopre che il proprietario del quadro \u00e8 ancora lo zio di Maria Altmann, Ferdinand,<\/b> anche se sua moglie Ada avrebbe voluto lasciarlo in eredit\u00e0 alla Galleria del Belvedere di Vienna; ma Ada era morta nel 1925 quando il quadro ancora apparteneva alla ricchissima dinastia degli industriali Bloch di origine ebraica. Mai Ada avrebbe immaginato gli orrori della guerra e che i nazisti, dopo il furto, avrebbero cambiato il titolo al suo ritratto, perch\u00e8 lei era ebrea, chiamandolo \u201cLa donna in oro\u201d.<b> Mai avrebbe immaginato che la sua collana, ritratta nel quadro, finisse sul collo della moglie del generale tedesco G\u00f6ring.<\/b><\/p>\n<p align=\"JUSTIFY\"><b>Non tutto \u00e8 perduto, pens\u00f2 Maria Altmann quando venne a conoscenza di questi fatti,<\/b> tanto pi\u00f9 che lo zio Ferdinand, spogliato di tutto dai nazisti, aveva comunque, prima di morire, fatto testamento: aveva lasciato tutto ai 3 nipoti, compreso un castello fuori Praga che gli era stato confiscato dal <a href=\"https:\/\/it.wikipedia.org\/wiki\/Reinhard_Heydrich\">generale tedesco Reinhard.<\/a> Non tutto \u00e8 perduto, continu\u00f2 a pensare Maria, quando venne a conoscenza del fatto che il governo austriaco, per cercare di rimediare ai furti perpetrati dai nazisti ai danni degli ebrei, permetteva la restituzione delle opere d&#8217;arte. E qui di seguito il \u201cCome\u201d Maria si impegn\u00f2 a rientrare in possesso del ritratto della zia Ada. <b>La pubblicazione del libro di Hubertus Czernin la fece illudere che presto avrebbe ottenuto quello che voleva,<\/b> anche perch\u00e8 ormai<b> aveva 83 anni<\/b>. Per risolvere la questione<b> si affid\u00f2 al giovane avvocato Randol Schonberg, persona fidata,<\/b> perch\u00e8 figlio di amici e nipote di un famoso compositore ebreo, anche lui fuggito da Vienna.<b> Maria pensava di cavarsela inviando l&#8217;avvocato a Vienna<\/b> e, quando cap\u00ec che la sua presenza sarebbe stata indispensabile, <b>tutti i fantasmi del passato si ripresentarono e dovette fare appello a tutte le sue forze per ritornare di nuovo a Vienna. In quell&#8217;aula, quel giorno, erano in molti gli ebrei che rivendicavano il possesso dei loro averi:<\/b> tutti raccontarono con molta fatica cosa fosse successo e in che modo fossero stati derubati di tutto: <b>per primo ci tolsero la dignit\u00e0, poi l&#8217;identit\u00e0 culturale, la libert\u00e0 e i beni terreni. Altri raccontarono delle vite dei loro parenti rubate per sempre, altri ancora viaggiando nei ricordi del passato non poterono fare a meno di piangere.<\/b> Quando a parlare tocc\u00f2 a Maria Altmann, fece un discorso lucido e concreto; disse fra l&#8217;altro che <b>avrebbe donato volentieri alla Galleria del Belvedere di Vienna il quadro della zia Adele, <\/b><b><i>essendo questo un simbolo per Vienna,<\/i><\/b> ma che voleva le fossero restituiti tutti gli altri.<b> Il comitato per la restituizione rifiut\u00f2 la sua offerta<\/b> e le propose in cambio dei bozzetti di Klimt e delle ceramiche. Maria rimase esterefatta e chiese al suo giovane avvocato di intraprendere un&#8217;azione legale contro il governo austriaco. Ma il governo pretendeva una tassa di deposito esorbitante, visto il valore dei quadri contesi. Non disponendo di quella cifra,<b> Maria rinunci\u00f2 all&#8217;azione legale e torn\u00f2 negli Stati Uniti con il suo giovane avvocato.<\/b><\/p>\n<p align=\"JUSTIFY\">La storia non \u00e8 ancora finita e vorrei soffermarmi su di <b>un preciso momento di questa complicata avventura,<\/b> rispondendo cos\u00ec alla domanda \u201cQuando?\u201d E&#8217; chiaro che le date sono tante e anche molto importanti se pensiamo all&#8217;avvento del nazismo, o alla fine della guerra e a molti altri eventi; c&#8217;\u00e8 infine un momento in cui<b> il giovane avvocato Randol Schonberg rimarr\u00e0 sconvolto<\/b> tanto da sentirsi male fisicamente. Rientrato negli Stati Uniti dir\u00e0 alla moglie: <b>\u201cE&#8217; successo qualcosa a Vienna, ho vissuto attraverso i ricordi dei sopravvisuti dell&#8217;olocausto delle emozioni fortissime, solo adesso ho capito, anche se gi\u00e0 sapevo tutto.&#8221; <\/b><b>E&#8217; in quel preciso momento, cara nipote, che attraverso la memoria diretta dei sopravvissuti lui prende coscienza, si sente partecipe, soffre, e finalmente capisce.<\/b> Non sempre sapere vuol dire capire, e se attraverso la memoria possiamo capire, puoi immaginare quanto sia stato importante quel momento e quanto sia importante la memoria: <i>Per primo ci tolsero la <\/i><i>libert\u00e0, la<\/i><i> dignit\u00e0, l&#8217;identit\u00e0 culturale e i beni terreni. Altri raccontarono delle vite dei loro rubate per sempre, altri ancora viaggiando nel ricordo <\/i><i>del passato<\/i><i> non poter<\/i><i>o<\/i><i>no fare a meno di piangere.<\/i><i><i> <\/i><\/i><i><b>Per Randol Schonberg, giovane e inesperto avvocato, non sar\u00e0 pi\u00f9 una questione di vincere o perdere, non importano i soldi,<\/b><\/i> non importa il suo prestigio, <b>vuole giustizia.<\/b> Quando finalmente trova un modo per far svolgere il processo negli Stati Uniti la <b>signora Maria Altman ha 88 anni e lui si rende conto che non c&#8217;\u00e8 tempo da perdere e propone perci\u00f2 un arbitrato da tenersi a Vienna.<\/b> In pratica, tre persone si riuniscono, leggono le ragioni delle due parti e poi decidono, naturalmente una persona a favore della Altman, una a favore del governo austriaco e una terza neutrale. Il giovane avvocato non scrive, fa un discorso, talmente toccante<b> da far decidere che Maria Altmann ha ragione e le saranno restituiti tutti i suoi quadri. <\/b>La storia \u00e8 finita, ma in realt\u00e0 \u00e8 molto pi\u00f9 complicata di come l&#8217;ho raccontata, perch\u00e8 forse avevo paura di annoiarti, ma se ti piacesse saperne di pi\u00f9, fai come me che dopo aver visto il film \u201cDonna in oro\u201d ho trovato in rete il <a href=\"http:\/\/www.davinciexperience.it\/2017\/01\/23\/lincredibile-storia-del-ritratto-di-adele-bloch-bauer-i\/\">Blog:<\/a> &#8220;Da Vinci Experience&#8221;, che racconta dettagliatamente questa storia. E meno male, altrimenti come avrei fatto a ricordarmi tutti i passaggi, i nomi e le date!<\/p>\n<p align=\"JUSTIFY\"><b>Chi? Come? Dove? Quando? Questa storia non \u00e8 ancora valida, devo ancora rispondere alla domanda pi\u00f9 difficile, perch\u00e8 la guerra?<\/b><\/p>\n<p align=\"JUSTIFY\">Sono talmente tante le risposte che non saprei da che parte incominciare, eppure sappi, che <b>alcune guerre sono state scatenate inventandone il motivo<\/b>, solo perch\u00e8 le si voleva combattere. Nessuna ragione pu\u00f2 essere valida per muovere guerra contro altre nazioni, nessuna, e, fra l&#8217;altro, <b>quelli che decidono le guerre mandano gli altri a combatterle.<\/b><\/p>\n<p align=\"JUSTIFY\"><b>Sulle guerre posso dirti solo una cosa: \u00e8 solo prima che si possono evitare.<\/b> Ti assicuro che ci vuole molto coraggio anche per questo. Non \u00e8 un caso che<b> i primi morti voluti da Hitler, nella seconda guerra mondiale, fossero proprio i suoi connazionali che gli si opponevano.<\/b> Loro avevano capito e sapevano quanto sarebbe stato pericoloso. E oggi? Come nonna mi sento in dovere di avvisarti: <b>E&#8217; la difesa della nostra democrazia che non ci far\u00e0 ricadere nella dittatura. E&#8217; la cultura, la libert\u00e0 di informazione, \u00e8 il sapere che ci permette di capire e valutare per il meglio; ma questo non basta. Bisogna impegnarsi affinch\u00e8 l&#8217;ignoranza non trionfi, bisogna non sottovalutare cori razzisti indegni, episodi esecrabili: chi li commette ignora, non sa, non ha memoria. Non pu\u00f2 l&#8217;ignoranza crescere, unirsi in gruppo e per questo sentirsi<\/b> <b>forte ed orgogliosa. L&#8217;ignoranza \u00e8 solo una fabbrica di pecoroni pericolosissimi. <\/b>Perch\u00e8 tanta ferocia nei confronti degli ebrei? Questa \u00e8 una domanda che mi facevo anch&#8217;io da ragazzina. Nel frattempo ho visto un sacco di documentari e letto molti libri in proposito. In Germania gli ebrei, prima della guerra, occupavano posti importanti, erano industriali, banchieri, professori universitari, erano ricchi e questo non andava bene ad Hitler che con la scusa della razza ariana li ha derubati di tutto. <b>E&#8217; brutto dirlo, ma i treni che partivano per i campi di concentramento stipati di ebrei ritornavano pieni di merce che gli era stata sottratta. Ed \u00e8 solo una briciola di quello che i nazisti gli hanno rubato.<\/b> Questo \u00e8 solo un particolare, ma la ferocia agghiacciante, quella, \u00e8 stata disumana e non c&#8217;\u00e8 un perch\u00e8 che lo giustifichi. <b>Oggi, non dimenticarlo, tenere viva la memoria, potr\u00e0 forse evitare altre catastrofi come quella dell&#8217;olocausto.<\/b><\/p>\n<p align=\"JUSTIFY\">Questa storia mi ha dato l&#8217;opportunit\u00e0 di parlarti non tanto della guerra, ma di come sia importante darsi da fare per evitarla. Ma la parte pi\u00f9 leggera del racconto riguarda Gustav Klimt. E siccome ultimamente mi hai raccontato con entusiasmo come a scuola ti abbiano insegnato a leggere e riconoscere un quadro impressionista, sono certa che troverai interessanti alcune notizie su di un gruppo di giovani artisti che a Vienna nel 1897 fondarono \u201cLa secessione Viennese\u201d. Devi sapere che il pittore Gustav Klimt, nel 1888 era gi\u00e0 considerato un bravissimo pittore tanto da ricevere dal suo imperatore Francesco Giuseppe una benemerenza ufficiale. Ma lui, cerc\u00f2 sempre di migliorarsi, di trovare nuovi modi per esprimersi e con un gruppo di amici nel 1897 fond\u00f2 \u201cIl secessionismo viennese\u201d, Un&#8217;arte fuori dalla classicit\u00e0 contemporanea, controcorrente ed innovativa. Naturalmente furono criticati per questo, ma loro perseverarono in quello in cui credevano, tanto che <a href=\"https:\/\/it.wikipedia.org\/wiki\/Palazzo_della_Secessione\">il palazzo della secessione Viennese<\/a> progettato dal giovane architetto Joseph Maria Olbrich fu deriso, sbeffeggiato e paragonato ad \u201cun gabinetto\u201d. Oggi \u00e8 il museo pi\u00f9 visitato a Vienna.<\/p>\n<p align=\"JUSTIFY\">Se vuoi, adesso tocca a te, le regole sono le stesse: Chi? Come? Dove? Quando ? Perch\u00e8? Sar\u00f2 felice di ospitarti sul blog.<\/p>\n<p align=\"JUSTIFY\"><b>Bacioni nonna Lella<\/b><\/p>","protected":false},"excerpt":{"rendered":"Probabilmente \u00e8 una storia conosciuta da molti, anche se si \u00e8 svolta fuori dall&#8217; Italia ed \u00e8 collocata nel passato. I suoi protagonisti sono molteplici e i fatti abbracciano l&#8217;arte e purtroppo anche la tragedia dell&#8217;olocausto. Insomma una trama complicata ma tanto affascinante da farmi venire voglia di raccontartela. Ma&#8230; potrei sbagliare un nome o <a href=\"https:\/\/www.mascialeoni.com\/index.php\/2018\/02\/14\/una-storia-per-mia-nipote\/866\" class=\"more-link\">&#8230;continua a leggere<span class=\"screen-reader-text\"> &#8220;Una storia per mia nipote&#8221;<\/span><\/a>","protected":false},"author":2,"featured_media":0,"comment_status":"open","ping_status":"closed","sticky":false,"template":"","format":"standard","meta":{"om_disable_all_campaigns":false,"_monsterinsights_skip_tracking":false,"_monsterinsights_sitenote_active":false,"_monsterinsights_sitenote_note":"","_monsterinsights_sitenote_category":0,"jetpack_post_was_ever_published":false,"_jetpack_newsletter_access":"","_jetpack_dont_email_post_to_subs":false,"_jetpack_newsletter_tier_id":0,"_jetpack_memberships_contains_paywalled_content":false,"_jetpack_memberships_contains_paid_content":false,"footnotes":""},"categories":[532,415],"tags":[603,610,216,595,393,597,598,601,605,563,602,596,580,609,599,608,606,604,600],"class_list":{"0":"post-866","1":"post","2":"type-post","3":"status-publish","4":"format-standard","6":"category-racconto-personale","7":"category-spettacoli","8":"tag-adele-bloch-bauer","9":"tag-antisemita","10":"tag-arte","11":"tag-democrazia","12":"tag-determinazione","13":"tag-dittatura","14":"tag-ebrei","15":"tag-furto","16":"tag-giustizia","17":"tag-guerra","18":"tag-gustav-klimt","19":"tag-liberta-di-stampa","20":"tag-musei","21":"tag-nipote-nonna","22":"tag-olocausto","23":"tag-persecuzioni","24":"tag-processi","25":"tag-secessionismo-viennese","26":"tag-sterminio","27":"h-entry","28":"hentry","29":"h-as-article"},"aioseo_notices":[],"jetpack_featured_media_url":"","jetpack_sharing_enabled":true,"jetpack_shortlink":"https:\/\/wp.me\/p9ENO6-dY","_links":{"self":[{"href":"https:\/\/www.mascialeoni.com\/index.php\/wp-json\/wp\/v2\/posts\/866","targetHints":{"allow":["GET"]}}],"collection":[{"href":"https:\/\/www.mascialeoni.com\/index.php\/wp-json\/wp\/v2\/posts"}],"about":[{"href":"https:\/\/www.mascialeoni.com\/index.php\/wp-json\/wp\/v2\/types\/post"}],"author":[{"embeddable":true,"href":"https:\/\/www.mascialeoni.com\/index.php\/wp-json\/wp\/v2\/users\/2"}],"replies":[{"embeddable":true,"href":"https:\/\/www.mascialeoni.com\/index.php\/wp-json\/wp\/v2\/comments?post=866"}],"version-history":[{"count":20,"href":"https:\/\/www.mascialeoni.com\/index.php\/wp-json\/wp\/v2\/posts\/866\/revisions"}],"predecessor-version":[{"id":2072,"href":"https:\/\/www.mascialeoni.com\/index.php\/wp-json\/wp\/v2\/posts\/866\/revisions\/2072"}],"wp:attachment":[{"href":"https:\/\/www.mascialeoni.com\/index.php\/wp-json\/wp\/v2\/media?parent=866"}],"wp:term":[{"taxonomy":"category","embeddable":true,"href":"https:\/\/www.mascialeoni.com\/index.php\/wp-json\/wp\/v2\/categories?post=866"},{"taxonomy":"post_tag","embeddable":true,"href":"https:\/\/www.mascialeoni.com\/index.php\/wp-json\/wp\/v2\/tags?post=866"}],"curies":[{"name":"wp","href":"https:\/\/api.w.org\/{rel}","templated":true}]}}